{"id":1660,"date":"2026-03-17T18:14:16","date_gmt":"2026-03-17T21:14:16","guid":{"rendered":"https:\/\/escritoriobortolotti.com.br\/?p=1660"},"modified":"2026-03-17T18:14:16","modified_gmt":"2026-03-17T21:14:16","slug":"imposto-de-renda-2026-prazo-ja-foi-definido-e-exige-atencao-redobrada","status":"publish","type":"post","link":"https:\/\/escritoriobortolotti.com.br\/?p=1660","title":{"rendered":"Imposto de Renda 2026: prazo j\u00e1 foi definido e exige aten\u00e7\u00e3o redobrada"},"content":{"rendered":"\n<p>O calend\u00e1rio do Imposto de Renda 2026 j\u00e1 foi divulgado e traz um ponto importante: o prazo ser\u00e1 mais curto do que em anos anteriores.<\/p>\n\n\n\n<p>A entrega da declara\u00e7\u00e3o come\u00e7a em 23 de mar\u00e7o e termina em 29 de maio de 2026, \u00e0s 23h59. Isso reduz o tempo dispon\u00edvel para organiza\u00e7\u00e3o e envio, exigindo mais planejamento por parte dos contribuintes.<\/p>\n\n\n\n<p><\/p>\n\n\n\n<h3 class=\"wp-block-heading\">Menos tempo, mais aten\u00e7\u00e3o<\/h3>\n\n\n\n<p>Com uma janela menor, deixar para os \u00faltimos dias pode aumentar o risco de:<\/p>\n\n\n\n<ul>\n<li>erros no preenchimento<\/li>\n\n\n\n<li>inconsist\u00eancias nos dados<\/li>\n\n\n\n<li>atraso na entrega<\/li>\n<\/ul>\n\n\n\n<p>Al\u00e9m disso, a Receita Federal continua utilizando um sistema avan\u00e7ado de <strong>cruzamento de informa\u00e7\u00f5es<\/strong>, comparando dados com bancos, empresas, operadoras de cart\u00e3o, planos de sa\u00fade e outras fontes. Ou seja, qualquer diverg\u00eancia pode levar \u00e0 <strong>malha fina<\/strong>.<\/p>\n\n\n\n<h3 class=\"wp-block-heading\">Como enviar a declara\u00e7\u00e3o<\/h3>\n\n\n\n<p>O envio poder\u00e1 ser feito pelos canais oficiais da Receita Federal:<\/p>\n\n\n\n<ul>\n<li>programa gerador da declara\u00e7\u00e3o (PGD)<\/li>\n\n\n\n<li>sistema online (e-CAC)<\/li>\n\n\n\n<li>aplicativo <strong>Meu Imposto de Renda<\/strong><\/li>\n<\/ul>\n\n\n\n<h3 class=\"wp-block-heading\">Consequ\u00eancias do atraso<\/h3>\n\n\n\n<p>Quem n\u00e3o entregar dentro do prazo est\u00e1 sujeito a multa, que pode chegar a at\u00e9 <strong>20% do imposto devido<\/strong>, al\u00e9m do valor m\u00ednimo obrigat\u00f3rio.<\/p>\n\n\n\n<h3 class=\"wp-block-heading\">O que fazer agora<\/h3>\n\n\n\n<p>O ideal \u00e9 come\u00e7ar a se preparar desde j\u00e1, reunindo documentos como:<\/p>\n\n\n\n<ul>\n<li>informes de rendimento<\/li>\n\n\n\n<li>comprovantes de despesas m\u00e9dicas e educacionais<\/li>\n\n\n\n<li>dados de investimentos e bens<\/li>\n<\/ul>\n\n\n\n<p>Antecipar essa organiza\u00e7\u00e3o reduz erros e facilita o envio dentro do prazo.<\/p>\n\n\n\n<h3 class=\"wp-block-heading\">Planejamento faz diferen\u00e7a<\/h3>\n\n\n\n<p>Mais do que apenas declarar, o Imposto de Renda tamb\u00e9m \u00e9 uma oportunidade de revisar sua vida financeira e evitar problemas futuros.<\/p>\n\n\n\n<p>Se voc\u00ea quer fazer sua declara\u00e7\u00e3o com mais seguran\u00e7a e evitar dores de cabe\u00e7a, contar com orienta\u00e7\u00e3o profissional pode fazer toda a diferen\u00e7a.<\/p>\n\n\n\n<p><\/p>\n\n\n\n<p><\/p>\n","protected":false},"excerpt":{"rendered":"<p>O calend\u00e1rio do Imposto de Renda 2026 j\u00e1 foi divulgado e traz um ponto importante: o prazo ser\u00e1 mais curto do que em anos anteriores. A entrega da declara\u00e7\u00e3o come\u00e7a em 23 de mar\u00e7o e termina em 29 de maio de 2026, \u00e0s 23h59. Isso reduz o tempo dispon\u00edvel para organiza\u00e7\u00e3o e envio, exigindo mais [&hellip;]<\/p>\n","protected":false},"author":3,"featured_media":1661,"comment_status":"closed","ping_status":"closed","sticky":false,"template":"","format":"standard","meta":{"footnotes":""},"categories":[1],"tags":[],"aioseo_notices":[],"_links":{"self":[{"href":"https:\/\/escritoriobortolotti.com.br\/index.php?rest_route=\/wp\/v2\/posts\/1660"}],"collection":[{"href":"https:\/\/escritoriobortolotti.com.br\/index.php?rest_route=\/wp\/v2\/posts"}],"about":[{"href":"https:\/\/escritoriobortolotti.com.br\/index.php?rest_route=\/wp\/v2\/types\/post"}],"author":[{"embeddable":true,"href":"https:\/\/escritoriobortolotti.com.br\/index.php?rest_route=\/wp\/v2\/users\/3"}],"replies":[{"embeddable":true,"href":"https:\/\/escritoriobortolotti.com.br\/index.php?rest_route=%2Fwp%2Fv2%2Fcomments&post=1660"}],"version-history":[{"count":2,"href":"https:\/\/escritoriobortolotti.com.br\/index.php?rest_route=\/wp\/v2\/posts\/1660\/revisions"}],"predecessor-version":[{"id":1663,"href":"https:\/\/escritoriobortolotti.com.br\/index.php?rest_route=\/wp\/v2\/posts\/1660\/revisions\/1663"}],"wp:featuredmedia":[{"embeddable":true,"href":"https:\/\/escritoriobortolotti.com.br\/index.php?rest_route=\/wp\/v2\/media\/1661"}],"wp:attachment":[{"href":"https:\/\/escritoriobortolotti.com.br\/index.php?rest_route=%2Fwp%2Fv2%2Fmedia&parent=1660"}],"wp:term":[{"taxonomy":"category","embeddable":true,"href":"https:\/\/escritoriobortolotti.com.br\/index.php?rest_route=%2Fwp%2Fv2%2Fcategories&post=1660"},{"taxonomy":"post_tag","embeddable":true,"href":"https:\/\/escritoriobortolotti.com.br\/index.php?rest_route=%2Fwp%2Fv2%2Ftags&post=1660"}],"curies":[{"name":"wp","href":"https:\/\/api.w.org\/{rel}","templated":true}]}}